{"id":12319,"date":"2026-05-02T23:07:44","date_gmt":"2026-05-03T03:07:44","guid":{"rendered":"https:\/\/tarijainforma.com\/?p=12319"},"modified":"2026-05-02T23:07:45","modified_gmt":"2026-05-03T03:07:45","slug":"ee-uu-trump-afirma-que-eeuu-tomara-el-control-de-cuba","status":"publish","type":"post","link":"https:\/\/tarijainforma.com\/index.php\/2026\/05\/02\/ee-uu-trump-afirma-que-eeuu-tomara-el-control-de-cuba\/","title":{"rendered":"EE.UU.: Trump afirma que EEUU \u00abtomar\u00e1 el control\u00bb de Cuba"},"content":{"rendered":"\n<figure class=\"wp-block-image size-full is-resized\"><img loading=\"lazy\" decoding=\"async\" width=\"800\" height=\"450\" src=\"https:\/\/tarijainforma.com\/wp-content\/uploads\/2026\/05\/trom.png\" alt=\"\" class=\"wp-image-12320\" style=\"width:840px;height:auto\" srcset=\"https:\/\/tarijainforma.com\/wp-content\/uploads\/2026\/05\/trom.png 800w, https:\/\/tarijainforma.com\/wp-content\/uploads\/2026\/05\/trom-300x169.png 300w, https:\/\/tarijainforma.com\/wp-content\/uploads\/2026\/05\/trom-768x432.png 768w\" sizes=\"auto, (max-width: 800px) 100vw, 800px\" \/><\/figure>\n\n\n\n<p>El presidente de Estados Unidos, Donald Trump, asegur\u00f3 que \u00abtomar\u00e1 el control\u00bb de Cuba \u00abcasi de inmediato\u00bb y a\u00f1adi\u00f3 que primero terminar\u00e1 con el \u00abtrabajo\u00bb en Ir\u00e1n, durante su intervenci\u00f3n como orador principal en una cena privada del Forum Club en West Palm Beach, Florida.<\/p>\n\n\n\n<p>Trump a\u00f1adi\u00f3 que al terminar en Ir\u00e1n podr\u00eda hacer que el portaavioones USS Abraham Lincoln, el m\u00e1s grande del mundo, viaje al Caribe y \u00abse detenga a unos 100 metros de la costa\u00bb de Cuba, desde donde los isle\u00f1os, seg\u00fan su discurso, dir\u00edan \u00abmuchas gracias, nos rendimos\u00bb.<\/p>\n\n\n\n<p>La intervenci\u00f3n del republicano se produjo en una cena pol\u00edtica y empresarial organizada por el Forum Club, un espacio habitual de encuentro en Florida entre l\u00edderes pol\u00edticos, empresarios y figuras p\u00fablicas, donde Trump fue invitado principal en un acto cerrado con asistentes seleccionados.<\/p>\n\n\n\n<p>Este mismo viernes, la Administraci\u00f3n Trump redobl\u00f3 las sanciones contra la isla, unas medidas que apuntan a los pilares de la econom\u00eda cubana, especialmente los sectores de energ\u00eda, defensa, miner\u00eda y servicios financieros.<\/p>\n\n\n\n<p>Seg\u00fan la orden ejecutiva firmada hoy, a cualquier persona o empresa que opere en ellos o haga negocios con el Gobierno de La Habana se le aplicar\u00e1 el bloqueo total de sus activos en EE.UU.<\/p>\n\n\n\n<p>Tambi\u00e9n esta semana, el secretario de Estado, Marco Rubio, acus\u00f3 a Cuba de facilitar la presencia de servicios de inteligencia de \u00ablos adversarios\u00bb de Estados Unidos a 90 millas de su territorio y asegur\u00f3 que la Administraci\u00f3n del presidente, Donald Trump, no lo tolerar\u00e1.<\/p>\n\n\n\n<p>El Senado rechaz\u00f3 este martes una propuesta dem\u00f3crata para limitar las posibles operaciones militares que Trump pueda ordenar sobre La Habana.<\/p>\n\n\n\n<p>Desde enero, la Administraci\u00f3n Trump ha intensificado la presi\u00f3n sobre La Habana con un bloqueo petrolero y el presidente ha sugerido en diversas ocasiones la necesidad de un cambio de r\u00e9gimen en la isla.<\/p>\n","protected":false},"excerpt":{"rendered":"<p>El presidente de Estados Unidos, Donald Trump, asegur\u00f3 que \u00abtomar\u00e1 el control\u00bb de Cuba \u00abcasi<\/p>\n","protected":false},"author":1,"featured_media":0,"comment_status":"closed","ping_status":"closed","sticky":false,"template":"","format":"standard","meta":{"footnotes":""},"categories":[24],"tags":[],"class_list":["post-12319","post","type-post","status-publish","format-standard","hentry","category-mundo"],"_links":{"self":[{"href":"https:\/\/tarijainforma.com\/index.php\/wp-json\/wp\/v2\/posts\/12319","targetHints":{"allow":["GET"]}}],"collection":[{"href":"https:\/\/tarijainforma.com\/index.php\/wp-json\/wp\/v2\/posts"}],"about":[{"href":"https:\/\/tarijainforma.com\/index.php\/wp-json\/wp\/v2\/types\/post"}],"author":[{"embeddable":true,"href":"https:\/\/tarijainforma.com\/index.php\/wp-json\/wp\/v2\/users\/1"}],"replies":[{"embeddable":true,"href":"https:\/\/tarijainforma.com\/index.php\/wp-json\/wp\/v2\/comments?post=12319"}],"version-history":[{"count":1,"href":"https:\/\/tarijainforma.com\/index.php\/wp-json\/wp\/v2\/posts\/12319\/revisions"}],"predecessor-version":[{"id":12321,"href":"https:\/\/tarijainforma.com\/index.php\/wp-json\/wp\/v2\/posts\/12319\/revisions\/12321"}],"wp:attachment":[{"href":"https:\/\/tarijainforma.com\/index.php\/wp-json\/wp\/v2\/media?parent=12319"}],"wp:term":[{"taxonomy":"category","embeddable":true,"href":"https:\/\/tarijainforma.com\/index.php\/wp-json\/wp\/v2\/categories?post=12319"},{"taxonomy":"post_tag","embeddable":true,"href":"https:\/\/tarijainforma.com\/index.php\/wp-json\/wp\/v2\/tags?post=12319"}],"curies":[{"name":"wp","href":"https:\/\/api.w.org\/{rel}","templated":true}]}}