{"id":12313,"date":"2026-05-02T22:40:55","date_gmt":"2026-05-03T02:40:55","guid":{"rendered":"https:\/\/tarijainforma.com\/?p=12313"},"modified":"2026-05-02T22:40:56","modified_gmt":"2026-05-03T02:40:56","slug":"hombre-es-acribillado-en-bermejo-se-desconocen-las-causas-y-fiscalia-inicia-investigacion","status":"publish","type":"post","link":"https:\/\/tarijainforma.com\/index.php\/2026\/05\/02\/hombre-es-acribillado-en-bermejo-se-desconocen-las-causas-y-fiscalia-inicia-investigacion\/","title":{"rendered":"Hombre es acribillado en Bermejo se desconocen las causas y Fiscal\u00eda inicia investigaci\u00f3n."},"content":{"rendered":"\n<figure class=\"wp-block-image size-full\"><img loading=\"lazy\" decoding=\"async\" width=\"755\" height=\"418\" src=\"https:\/\/tarijainforma.com\/wp-content\/uploads\/2026\/05\/bermejo.jpg\" alt=\"\" class=\"wp-image-12314\" srcset=\"https:\/\/tarijainforma.com\/wp-content\/uploads\/2026\/05\/bermejo.jpg 755w, https:\/\/tarijainforma.com\/wp-content\/uploads\/2026\/05\/bermejo-300x166.jpg 300w\" sizes=\"auto, (max-width: 755px) 100vw, 755px\" \/><\/figure>\n\n\n\n<p>La noche de este viernes en Bermejo un hombre fue acribillado con m\u00faltiples proyectiles de arma de fuego. El fiscal de materia, Carlos Franz Laime, inform\u00f3 que el caso se encuentra en una etapa inicial, por lo que a\u00fan no se cuenta con datos concluyentes. \u201cBueno, en este momento, primero que nada, no les puedo dar una informaci\u00f3n cabal como tal, ustedes ya han podido presenciar, se van a realizar los actos investigativos correspondientes, m\u00e1s adelante les vamos a dar un informe pormenorizado de todas las situaciones que ha pasado en este hecho\u201d, declar\u00f3.<\/p>\n\n\n\n<p>Asimismo, detall\u00f3 que se procedi\u00f3 al levantamiento legal del cuerpo, el cual corresponde a una persona de sexo masculino 30 a\u00f1os de edad que presenta varios impactos de bala. Indic\u00f3 que la cantidad exacta de disparos ser\u00e1 determinada en la autopsia. \u201cHemos realizado el levantamiento de un cuerpo de una persona de sexo masculino que presenta varios impactos de bala conforme se ha podido advertir ahora, la cantidad lo vamos a determinar en la autopsia correspondiente, ah\u00ed vamos a establecer cu\u00e1ntos impactos de bala son y de igual forma vamos a determinar cu\u00e1l de esos impactos ha sido el letal\u201d, explic\u00f3.<\/p>\n\n\n\n<p>El representante del Ministerio P\u00fablico reiter\u00f3 que la investigaci\u00f3n se encuentra recientemente iniciada, por lo que se prev\u00e9 brindar informaci\u00f3n m\u00e1s detallada en las pr\u00f3ximas horas. \u201cA\u00fan estamos en proceso de investigaci\u00f3n, ustedes podr\u00e1n comprender que estamos inicios, m\u00e1s adelante se va a dar un reporte pormenorizado de este hecho\u201d, sostuvo.<\/p>\n\n\n\n<p>Finalmente, se\u00f1al\u00f3 la edad estimada de la v\u00edctima, reiterando que se ampliar\u00e1 la informaci\u00f3n conforme avancen las investigaciones. <\/p>\n","protected":false},"excerpt":{"rendered":"<p>La noche de este viernes en Bermejo un hombre fue acribillado con m\u00faltiples proyectiles de<\/p>\n","protected":false},"author":1,"featured_media":0,"comment_status":"closed","ping_status":"closed","sticky":false,"template":"","format":"standard","meta":{"footnotes":""},"categories":[23],"tags":[],"class_list":["post-12313","post","type-post","status-publish","format-standard","hentry","category-tarija"],"_links":{"self":[{"href":"https:\/\/tarijainforma.com\/index.php\/wp-json\/wp\/v2\/posts\/12313","targetHints":{"allow":["GET"]}}],"collection":[{"href":"https:\/\/tarijainforma.com\/index.php\/wp-json\/wp\/v2\/posts"}],"about":[{"href":"https:\/\/tarijainforma.com\/index.php\/wp-json\/wp\/v2\/types\/post"}],"author":[{"embeddable":true,"href":"https:\/\/tarijainforma.com\/index.php\/wp-json\/wp\/v2\/users\/1"}],"replies":[{"embeddable":true,"href":"https:\/\/tarijainforma.com\/index.php\/wp-json\/wp\/v2\/comments?post=12313"}],"version-history":[{"count":1,"href":"https:\/\/tarijainforma.com\/index.php\/wp-json\/wp\/v2\/posts\/12313\/revisions"}],"predecessor-version":[{"id":12315,"href":"https:\/\/tarijainforma.com\/index.php\/wp-json\/wp\/v2\/posts\/12313\/revisions\/12315"}],"wp:attachment":[{"href":"https:\/\/tarijainforma.com\/index.php\/wp-json\/wp\/v2\/media?parent=12313"}],"wp:term":[{"taxonomy":"category","embeddable":true,"href":"https:\/\/tarijainforma.com\/index.php\/wp-json\/wp\/v2\/categories?post=12313"},{"taxonomy":"post_tag","embeddable":true,"href":"https:\/\/tarijainforma.com\/index.php\/wp-json\/wp\/v2\/tags?post=12313"}],"curies":[{"name":"wp","href":"https:\/\/api.w.org\/{rel}","templated":true}]}}