{"id":12305,"date":"2026-05-01T23:21:53","date_gmt":"2026-05-02T03:21:53","guid":{"rendered":"https:\/\/tarijainforma.com\/?p=12305"},"modified":"2026-05-01T23:21:54","modified_gmt":"2026-05-02T03:21:54","slug":"onu-pide-una-abrir-investigacion-exhaustiva-sobre-asesinato-de-magistrado-en-bolivia","status":"publish","type":"post","link":"https:\/\/tarijainforma.com\/index.php\/2026\/05\/01\/onu-pide-una-abrir-investigacion-exhaustiva-sobre-asesinato-de-magistrado-en-bolivia\/","title":{"rendered":"ONU pide una abrir investigaci\u00f3n exhaustiva sobre asesinato de magistrado en Bolivia"},"content":{"rendered":"\n<figure class=\"wp-block-image size-full is-resized\"><img loading=\"lazy\" decoding=\"async\" width=\"450\" height=\"450\" src=\"https:\/\/tarijainforma.com\/wp-content\/uploads\/2026\/05\/magistrado-2-edited.png\" alt=\"\" class=\"wp-image-12311\" style=\"width:840px;height:auto\" srcset=\"https:\/\/tarijainforma.com\/wp-content\/uploads\/2026\/05\/magistrado-2-edited.png 450w, https:\/\/tarijainforma.com\/wp-content\/uploads\/2026\/05\/magistrado-2-edited-300x300.png 300w, https:\/\/tarijainforma.com\/wp-content\/uploads\/2026\/05\/magistrado-2-edited-150x150.png 150w\" sizes=\"auto, (max-width: 450px) 100vw, 450px\" \/><\/figure>\n\n\n\n<p>La Organizaci\u00f3n de las Naciones Unidas (ONU) en Bolivia conden\u00f3 este viernes el asesinato del magistrado V\u00edctor Hugo Claure, miembro del Tribunal Agroambiental (TA), y pidi\u00f3 que se efect\u00fae una investigaci\u00f3n \u00abpronta y exhaustiva\u00bb para identificar a los responsables del crimen.<br><br>La ONU manifest\u00f3 en un comunicado \u00absu condena ante el asesinato\u00bb de Claure, que era decano del TA, y envi\u00f3 condolencias a la familia y colegas del juez.<\/p>\n\n\n\n<p>\u00abHacemos un llamado a la investigaci\u00f3n pronta y exhaustiva. Es imperativo que se identifique y sancione a todos los responsables de este crimen\u00bb, se\u00f1al\u00f3 el organismo.<br><br>Tambi\u00e9n expres\u00f3 su solidaridad al \u00f3rgano Judicial \u00aby a todos los que trabajan incansablemente por un sistema de justicia justo e imparcial\u00bb y afirm\u00f3 su \u00abcompromiso de seguir acompa\u00f1ando\u00bb al Estado boliviano en el \u00abfortalecimiento de sus instituciones, la promoci\u00f3n de la paz y seguridad\u00bb y la \u00abprotecci\u00f3n de los derechos humanos\u00bb.<br><br>El jueves en la noche, Claure fue acribillado por un desconocido en la ciudad oriental de Santa Cruz, adonde lleg\u00f3 junto con otros jueces y funcionarios del poder Judicial para asistir a un evento de ese \u00f3rgano, cuya sede est\u00e1 en Sucre, la capital constitucional de Bolivia.<br><br>Seg\u00fan las investigaciones preliminares, el magistrado retornaba a su alojamiento, tras asistir a una cena, en un taxi compartido con una funcionaria judicial a la que primero acompa\u00f1\u00f3 hasta su domicilio.<br><br>Cuando la funcionaria se dispon\u00eda a pagar por el servicio de transporte, fueron interceptados por dos hombres que iban en una motocicleta, uno de los cuales se baj\u00f3 de la misma y acribill\u00f3 a Claure, quien se encontraba en el asiento delantero del taxi, explic\u00f3 el comandante departamental de la Polic\u00eda de Santa Cruz, coronel David G\u00f3mez.<br><br>Una de las hip\u00f3tesis que maneja la Polic\u00eda es que el m\u00f3vil del crimen es \u00abun problema de tierras\u00bb, porque Claure \u00abhabr\u00eda emitido alg\u00fan tipo de resoluci\u00f3n referente a la posesi\u00f3n o al aprovechamiento de algunas tierras\u00bb en el oriente boliviano, indic\u00f3 el jefe policial.<br><br>Tras este suceso, la Polic\u00eda activ\u00f3 \u00abc\u00e1psulas de seguridad\u00bb para proteger a otros 13 altos magistrados que tambi\u00e9n se encontraban en Santa Cruz y el Ministerio P\u00fablico conform\u00f3 una comisi\u00f3n para investigar el hecho.<br><br>Claure era un abogado especializado en temas agrarios y fue elegido magistrado del TA en los comicios judiciales efectuados en 2024.<br><br>Su cuerpo fue trasladado esta jornada a Cochabamba, su regi\u00f3n natal en el centro del pa\u00eds, donde ser\u00e1 enterrado.<br>El crimen caus\u00f3 conmoci\u00f3n y reacciones de indignaci\u00f3n sobre todo en el \u00f3rgano Judicial, cuyos altos tribunales pidieron a la Fiscal\u00eda actuar con \u00abceleridad\u00bb para identificar a los autores.<br><br>En una declaraci\u00f3n a los medios en Cochabamba, el presidente boliviano, Rodrigo Paz, calific\u00f3 de \u00abhorroroso\u00bb el crimen y expres\u00f3 su solidaridad con la familia de Claure.<br><br>Paz afirm\u00f3 que pidi\u00f3 a las instancias de seguridad que brinden \u00abtodas las garant\u00edas al sistema judicial\u00bb e inst\u00f3 a esperar los resultados de la investigaci\u00f3n para evitar \u00abespeculaciones\u00bb sobre el caso.<\/p>\n","protected":false},"excerpt":{"rendered":"<p>La Organizaci\u00f3n de las Naciones Unidas (ONU) en Bolivia conden\u00f3 este viernes el asesinato del<\/p>\n","protected":false},"author":1,"featured_media":0,"comment_status":"closed","ping_status":"closed","sticky":false,"template":"","format":"standard","meta":{"footnotes":""},"categories":[22,24],"tags":[],"class_list":["post-12305","post","type-post","status-publish","format-standard","hentry","category-bolivia","category-mundo"],"_links":{"self":[{"href":"https:\/\/tarijainforma.com\/index.php\/wp-json\/wp\/v2\/posts\/12305","targetHints":{"allow":["GET"]}}],"collection":[{"href":"https:\/\/tarijainforma.com\/index.php\/wp-json\/wp\/v2\/posts"}],"about":[{"href":"https:\/\/tarijainforma.com\/index.php\/wp-json\/wp\/v2\/types\/post"}],"author":[{"embeddable":true,"href":"https:\/\/tarijainforma.com\/index.php\/wp-json\/wp\/v2\/users\/1"}],"replies":[{"embeddable":true,"href":"https:\/\/tarijainforma.com\/index.php\/wp-json\/wp\/v2\/comments?post=12305"}],"version-history":[{"count":1,"href":"https:\/\/tarijainforma.com\/index.php\/wp-json\/wp\/v2\/posts\/12305\/revisions"}],"predecessor-version":[{"id":12312,"href":"https:\/\/tarijainforma.com\/index.php\/wp-json\/wp\/v2\/posts\/12305\/revisions\/12312"}],"wp:attachment":[{"href":"https:\/\/tarijainforma.com\/index.php\/wp-json\/wp\/v2\/media?parent=12305"}],"wp:term":[{"taxonomy":"category","embeddable":true,"href":"https:\/\/tarijainforma.com\/index.php\/wp-json\/wp\/v2\/categories?post=12305"},{"taxonomy":"post_tag","embeddable":true,"href":"https:\/\/tarijainforma.com\/index.php\/wp-json\/wp\/v2\/tags?post=12305"}],"curies":[{"name":"wp","href":"https:\/\/api.w.org\/{rel}","templated":true}]}}