{"id":12302,"date":"2026-05-01T23:03:37","date_gmt":"2026-05-02T03:03:37","guid":{"rendered":"https:\/\/tarijainforma.com\/?p=12302"},"modified":"2026-05-01T23:03:38","modified_gmt":"2026-05-02T03:03:38","slug":"cabildo-de-la-cob-declara-paro-indefinido-desde-el-sabado","status":"publish","type":"post","link":"https:\/\/tarijainforma.com\/index.php\/2026\/05\/01\/cabildo-de-la-cob-declara-paro-indefinido-desde-el-sabado\/","title":{"rendered":"Cabildo de la COB declara paro indefinido desde el s\u00e1bado"},"content":{"rendered":"\n<figure class=\"wp-block-image size-full\"><img loading=\"lazy\" decoding=\"async\" width=\"992\" height=\"621\" src=\"https:\/\/tarijainforma.com\/wp-content\/uploads\/2026\/05\/COB.png\" alt=\"\" class=\"wp-image-12303\" srcset=\"https:\/\/tarijainforma.com\/wp-content\/uploads\/2026\/05\/COB.png 992w, https:\/\/tarijainforma.com\/wp-content\/uploads\/2026\/05\/COB-300x188.png 300w, https:\/\/tarijainforma.com\/wp-content\/uploads\/2026\/05\/COB-768x481.png 768w\" sizes=\"auto, (max-width: 992px) 100vw, 992px\" \/><\/figure>\n\n\n\n<p>La&nbsp;Central Obrera Boliviana&nbsp;(COB) determin\u00f3 en el cabildo realizado en&nbsp;El Alto&nbsp;iniciar un paro general indefinido movilizado desde este s\u00e1bado, como parte de sus medidas de presi\u00f3n para exigir al Gobierno la atenci\u00f3n inmediata de sus demandas laborales y econ\u00f3micas.<\/p>\n\n\n\n<p>El secretario ejecutivo de la COB,&nbsp;Mario Argollo, afirm\u00f3 que la decisi\u00f3n fue asumida de manera org\u00e1nica por los representantes de los nueve departamentos del pa\u00eds, en el cabildo que \u00abreflej\u00f3 la postura del conjunto de los trabajadores\u00bb.<\/p>\n\n\n\n<p>\u201cAqu\u00ed el pueblo ha deliberado en este gran cabildo nacional y ha pedido de manera inmediata la atenci\u00f3n de las resoluciones. Se ha declarado el paro general indefinido movilizado para apoyar a nuestros compa\u00f1eros que est\u00e1n en lucha\u201d, sostuvo el dirigente.<\/p>\n\n\n\n<p>El dirigente del ente matriz advirti\u00f3 que, si el Gobierno no responde de forma inmediata a las demandas planteadas, el cabildo resolvi\u00f3 exigir que las autoridades \u201cden un paso al costado\u00bb.<\/p>\n\n\n\n<p>Asimismo, se\u00f1al\u00f3 que distintos sectores ya se encuentran movilizados, incluyendo trabajadores del norte de&nbsp;La Paz&nbsp;y delegaciones provenientes de regiones como&nbsp;Pando.<\/p>\n\n\n\n<p>El dirigente tambi\u00e9n cuestion\u00f3 la situaci\u00f3n econ\u00f3mica del pa\u00eds y se\u00f1al\u00f3 el incremento del costo de la canasta familiar, la falta de empleo y problemas en el abastecimiento y calidad de combustibles. En ese contexto, convoc\u00f3 a la unidad de los sectores sociales y llam\u00f3 a otros rubros, como el transporte, a sumarse a las medidas de presi\u00f3n.<\/p>\n\n\n\n<p>La COB anunci\u00f3 que sostendr\u00e1 reuniones permanentes para definir nuevas acciones y coordinar la movilizaci\u00f3n a nivel nacional, en caso de que no exista una respuesta por parte del Ejecutivo.<\/p>\n","protected":false},"excerpt":{"rendered":"<p>La&nbsp;Central Obrera Boliviana&nbsp;(COB) determin\u00f3 en el cabildo realizado en&nbsp;El Alto&nbsp;iniciar un paro general indefinido movilizado<\/p>\n","protected":false},"author":1,"featured_media":0,"comment_status":"closed","ping_status":"closed","sticky":false,"template":"","format":"standard","meta":{"footnotes":""},"categories":[22],"tags":[],"class_list":["post-12302","post","type-post","status-publish","format-standard","hentry","category-bolivia"],"_links":{"self":[{"href":"https:\/\/tarijainforma.com\/index.php\/wp-json\/wp\/v2\/posts\/12302","targetHints":{"allow":["GET"]}}],"collection":[{"href":"https:\/\/tarijainforma.com\/index.php\/wp-json\/wp\/v2\/posts"}],"about":[{"href":"https:\/\/tarijainforma.com\/index.php\/wp-json\/wp\/v2\/types\/post"}],"author":[{"embeddable":true,"href":"https:\/\/tarijainforma.com\/index.php\/wp-json\/wp\/v2\/users\/1"}],"replies":[{"embeddable":true,"href":"https:\/\/tarijainforma.com\/index.php\/wp-json\/wp\/v2\/comments?post=12302"}],"version-history":[{"count":1,"href":"https:\/\/tarijainforma.com\/index.php\/wp-json\/wp\/v2\/posts\/12302\/revisions"}],"predecessor-version":[{"id":12304,"href":"https:\/\/tarijainforma.com\/index.php\/wp-json\/wp\/v2\/posts\/12302\/revisions\/12304"}],"wp:attachment":[{"href":"https:\/\/tarijainforma.com\/index.php\/wp-json\/wp\/v2\/media?parent=12302"}],"wp:term":[{"taxonomy":"category","embeddable":true,"href":"https:\/\/tarijainforma.com\/index.php\/wp-json\/wp\/v2\/categories?post=12302"},{"taxonomy":"post_tag","embeddable":true,"href":"https:\/\/tarijainforma.com\/index.php\/wp-json\/wp\/v2\/tags?post=12302"}],"curies":[{"name":"wp","href":"https:\/\/api.w.org\/{rel}","templated":true}]}}