{"id":12293,"date":"2026-04-30T23:35:27","date_gmt":"2026-05-01T03:35:27","guid":{"rendered":"https:\/\/tarijainforma.com\/?p=12293"},"modified":"2026-04-30T23:35:27","modified_gmt":"2026-05-01T03:35:27","slug":"rodrigo-paz-convoca-a-un-encuentro-nacional-para-salvar-el-pais","status":"publish","type":"post","link":"https:\/\/tarijainforma.com\/index.php\/2026\/04\/30\/rodrigo-paz-convoca-a-un-encuentro-nacional-para-salvar-el-pais\/","title":{"rendered":"Rodrigo Paz convoca a un encuentro nacional para salvar el pa\u00eds"},"content":{"rendered":"\n<figure class=\"wp-block-image size-large\"><img loading=\"lazy\" decoding=\"async\" width=\"1024\" height=\"576\" src=\"https:\/\/tarijainforma.com\/wp-content\/uploads\/2026\/04\/paz-3-1024x576.png\" alt=\"\" class=\"wp-image-12294\" srcset=\"https:\/\/tarijainforma.com\/wp-content\/uploads\/2026\/04\/paz-3-1024x576.png 1024w, https:\/\/tarijainforma.com\/wp-content\/uploads\/2026\/04\/paz-3-300x169.png 300w, https:\/\/tarijainforma.com\/wp-content\/uploads\/2026\/04\/paz-3-768x432.png 768w, https:\/\/tarijainforma.com\/wp-content\/uploads\/2026\/04\/paz-3-800x450.png 800w, https:\/\/tarijainforma.com\/wp-content\/uploads\/2026\/04\/paz-3.png 1200w\" sizes=\"auto, (max-width: 1024px) 100vw, 1024px\" \/><\/figure>\n\n\n\n<p>En su mensaje por el D\u00eda del Trabajador, el presidente Rodrigo Paz llam\u00f3 a sectores sociales, pol\u00edticos y organizaciones a un encuentro nacional con el objetivo de \u201csalvar la patria\u201d.<\/p>\n\n\n\n<p>\u201cVamos a invitar a todos los bolivianos y bolivianas representadas en instancias como el Parlamento, lideres pol\u00edticos y sociales, organizaciones sociales a\u00a0 un gran encuentro nacional, donde se establece un compromiso con la patria, (en) una agenda transparente\u201d, dijo la noche de este jueves.<\/p>\n\n\n\n<p>El Presidente Paz sostuvo que el pa\u00eds atraviesa una nueva etapa tras el cierre del ciclo electoral y destac\u00f3 que la diversidad pol\u00edtica actual responde a la voluntad popular expresada en las urnas. \u201cHoy no existe un solo partido, existe la diversidad de la patria\u201d, se\u00f1al\u00f3.<\/p>\n\n\n\n<p>En ese contexto, remarc\u00f3 que todas las autoridades electas deben asumir un rol conjunto para superar la coyuntura. \u201cBolivia form\u00f3 un equipo y ese equipo tiene que trabajar unido para sacar la patria adelante\u201d, enfatiz\u00f3.<\/p>\n\n\n\n<p>El jefe de Estado indic\u00f3 que el encuentro buscar\u00e1 reunir a representantes de la Asamblea Legislativa, gobiernos subnacionales, organizaciones sociales y sectores productivos. \u201cTodos debemos participar, no podemos darle la espalda al pa\u00eds\u201d, sostuvo.<\/p>\n\n\n\n<h2 class=\"wp-block-heading\">Nuevas Leyes<\/h2>\n\n\n\n<p>Asimismo, anunci\u00f3 que en mayo el Gobierno presentar\u00e1 un paquete de leyes orientadas a dinamizar la econom\u00eda. \u201cLas leyes de hidrocarburos, de energ\u00eda, de inversiones deben debatirse abiertamente ante el pa\u00eds\u201d, afirm\u00f3.<\/p>\n\n\n\n<p>Paz advirti\u00f3 que la situaci\u00f3n econ\u00f3mica del pa\u00eds es cr\u00edtica y alcanza a distintas instituciones. \u201cNo hay gobernaci\u00f3n, ni alcald\u00eda, ni el propio Gobierno nacional que no est\u00e9 quebrado\u201d, se\u00f1al\u00f3.<\/p>\n\n\n\n<h2 class=\"wp-block-heading\">Encuentros Sectoriales<\/h2>\n\n\n\n<p>El mandatario tambi\u00e9n adelant\u00f3 encuentros sectoriales en \u00e1reas estrat\u00e9gicas. \u201cNecesitamos un gran encuentro de la miner\u00eda y un gran encuentro por la tierra para generar desarrollo\u201d, indic\u00f3.<\/p>\n\n\n\n<p>Finalmente, convoc\u00f3 a priorizar el presente y el futuro del pa\u00eds. \u201cNo es el pasado la soluci\u00f3n, es el presente que encaramos juntos para sacar a Bolivia adelante\u201d, concluy\u00f3.<\/p>\n","protected":false},"excerpt":{"rendered":"<p>En su mensaje por el D\u00eda del Trabajador, el presidente Rodrigo Paz llam\u00f3 a sectores<\/p>\n","protected":false},"author":1,"featured_media":0,"comment_status":"closed","ping_status":"closed","sticky":false,"template":"","format":"standard","meta":{"footnotes":""},"categories":[22],"tags":[],"class_list":["post-12293","post","type-post","status-publish","format-standard","hentry","category-bolivia"],"_links":{"self":[{"href":"https:\/\/tarijainforma.com\/index.php\/wp-json\/wp\/v2\/posts\/12293","targetHints":{"allow":["GET"]}}],"collection":[{"href":"https:\/\/tarijainforma.com\/index.php\/wp-json\/wp\/v2\/posts"}],"about":[{"href":"https:\/\/tarijainforma.com\/index.php\/wp-json\/wp\/v2\/types\/post"}],"author":[{"embeddable":true,"href":"https:\/\/tarijainforma.com\/index.php\/wp-json\/wp\/v2\/users\/1"}],"replies":[{"embeddable":true,"href":"https:\/\/tarijainforma.com\/index.php\/wp-json\/wp\/v2\/comments?post=12293"}],"version-history":[{"count":1,"href":"https:\/\/tarijainforma.com\/index.php\/wp-json\/wp\/v2\/posts\/12293\/revisions"}],"predecessor-version":[{"id":12295,"href":"https:\/\/tarijainforma.com\/index.php\/wp-json\/wp\/v2\/posts\/12293\/revisions\/12295"}],"wp:attachment":[{"href":"https:\/\/tarijainforma.com\/index.php\/wp-json\/wp\/v2\/media?parent=12293"}],"wp:term":[{"taxonomy":"category","embeddable":true,"href":"https:\/\/tarijainforma.com\/index.php\/wp-json\/wp\/v2\/categories?post=12293"},{"taxonomy":"post_tag","embeddable":true,"href":"https:\/\/tarijainforma.com\/index.php\/wp-json\/wp\/v2\/tags?post=12293"}],"curies":[{"name":"wp","href":"https:\/\/api.w.org\/{rel}","templated":true}]}}