{"id":12290,"date":"2026-04-30T22:47:07","date_gmt":"2026-05-01T02:47:07","guid":{"rendered":"https:\/\/tarijainforma.com\/?p=12290"},"modified":"2026-04-30T22:47:07","modified_gmt":"2026-05-01T02:47:07","slug":"magisterio-urbano-de-tarija-marcha-para-pedir-incremento-salarial","status":"publish","type":"post","link":"https:\/\/tarijainforma.com\/index.php\/2026\/04\/30\/magisterio-urbano-de-tarija-marcha-para-pedir-incremento-salarial\/","title":{"rendered":"Magisterio Urbano de Tarija marcha para pedir incremento salarial"},"content":{"rendered":"\n<figure class=\"wp-block-image size-large\"><img loading=\"lazy\" decoding=\"async\" width=\"1024\" height=\"498\" src=\"https:\/\/tarijainforma.com\/wp-content\/uploads\/2026\/04\/MAESTROS-1024x498.jpeg\" alt=\"\" class=\"wp-image-12291\" srcset=\"https:\/\/tarijainforma.com\/wp-content\/uploads\/2026\/04\/MAESTROS-1024x498.jpeg 1024w, https:\/\/tarijainforma.com\/wp-content\/uploads\/2026\/04\/MAESTROS-300x146.jpeg 300w, https:\/\/tarijainforma.com\/wp-content\/uploads\/2026\/04\/MAESTROS-768x373.jpeg 768w, https:\/\/tarijainforma.com\/wp-content\/uploads\/2026\/04\/MAESTROS.jpeg 1280w\" sizes=\"auto, (max-width: 1024px) 100vw, 1024px\" \/><\/figure>\n\n\n\n<p>Este mi\u00e9rcoles, el magisterio urbano en Tarija sali\u00f3 a las calles en una marcha para exigir el incremento salarial al gobierno nacional, mayor cantidad de recursos para educaci\u00f3n.<\/p>\n\n\n\n<p>La dirigencia del magisterio indic\u00f3 que se pide un mayor presupuesto para educaci\u00f3n en defensa de la educaci\u00f3n libre, p\u00fablica y gratuita en el pa\u00eds.<\/p>\n\n\n\n<p>Se\u00f1alan que la Stan en contra de la propuesta del 50\/50, de la descentralizaci\u00f3n de la educaci\u00f3n.<\/p>\n\n\n\n<p>El incremento en el presupuesto para educaci\u00f3n y salud, mencionan que no ha llegado este a\u00f1o, que solamente se ha subido el salario m\u00ednimo nacional y no el salario b\u00e1sico.<\/p>\n\n\n\n<p>Varios maestros de Tarija se trasladaron hasta la ciudad de La Paz, para ser parte de las movilizaciones nacionales y participar del cabildo anunciado para el 1 de mayo.<\/p>\n\n\n\n<p>El sector se declara en estado de emergencia y se movilizar\u00e1n hasta que se atiendan sus demandas, se\u00f1alan que est\u00e1n cansados que no se invierta en educaci\u00f3n, que se deben garantizar recursos para \u00edtems, para contar con una educaci\u00f3n de calidad.<\/p>\n\n\n\n<p>La medida de presi\u00f3n se realiza a nivel nacional en todos los departamentos del pa\u00eds y exigen atenci\u00f3n al gobierno.<\/p>\n","protected":false},"excerpt":{"rendered":"<p>Este mi\u00e9rcoles, el magisterio urbano en Tarija sali\u00f3 a las calles en una marcha para<\/p>\n","protected":false},"author":1,"featured_media":0,"comment_status":"closed","ping_status":"closed","sticky":false,"template":"","format":"standard","meta":{"footnotes":""},"categories":[23],"tags":[],"class_list":["post-12290","post","type-post","status-publish","format-standard","hentry","category-tarija"],"_links":{"self":[{"href":"https:\/\/tarijainforma.com\/index.php\/wp-json\/wp\/v2\/posts\/12290","targetHints":{"allow":["GET"]}}],"collection":[{"href":"https:\/\/tarijainforma.com\/index.php\/wp-json\/wp\/v2\/posts"}],"about":[{"href":"https:\/\/tarijainforma.com\/index.php\/wp-json\/wp\/v2\/types\/post"}],"author":[{"embeddable":true,"href":"https:\/\/tarijainforma.com\/index.php\/wp-json\/wp\/v2\/users\/1"}],"replies":[{"embeddable":true,"href":"https:\/\/tarijainforma.com\/index.php\/wp-json\/wp\/v2\/comments?post=12290"}],"version-history":[{"count":1,"href":"https:\/\/tarijainforma.com\/index.php\/wp-json\/wp\/v2\/posts\/12290\/revisions"}],"predecessor-version":[{"id":12292,"href":"https:\/\/tarijainforma.com\/index.php\/wp-json\/wp\/v2\/posts\/12290\/revisions\/12292"}],"wp:attachment":[{"href":"https:\/\/tarijainforma.com\/index.php\/wp-json\/wp\/v2\/media?parent=12290"}],"wp:term":[{"taxonomy":"category","embeddable":true,"href":"https:\/\/tarijainforma.com\/index.php\/wp-json\/wp\/v2\/categories?post=12290"},{"taxonomy":"post_tag","embeddable":true,"href":"https:\/\/tarijainforma.com\/index.php\/wp-json\/wp\/v2\/tags?post=12290"}],"curies":[{"name":"wp","href":"https:\/\/api.w.org\/{rel}","templated":true}]}}