{"id":12287,"date":"2026-04-29T23:39:30","date_gmt":"2026-04-30T03:39:30","guid":{"rendered":"https:\/\/tarijainforma.com\/?p=12287"},"modified":"2026-04-29T23:39:31","modified_gmt":"2026-04-30T03:39:31","slug":"presidente-rodrigo-paz-anuncia-que-el-bid-aprobo-us-800-millones-para-bolivia","status":"publish","type":"post","link":"https:\/\/tarijainforma.com\/index.php\/2026\/04\/29\/presidente-rodrigo-paz-anuncia-que-el-bid-aprobo-us-800-millones-para-bolivia\/","title":{"rendered":"Presidente Rodrigo Paz anuncia que el BID aprob\u00f3 $us 800 millones para Bolivia"},"content":{"rendered":"\n<figure class=\"wp-block-image size-full is-resized\"><img loading=\"lazy\" decoding=\"async\" width=\"299\" height=\"168\" src=\"https:\/\/tarijainforma.com\/wp-content\/uploads\/2026\/04\/paz-1.jpg\" alt=\"\" class=\"wp-image-12288\" style=\"width:840px;height:auto\"\/><\/figure>\n\n\n\n<p>El presidente de Bolivia, Rodrigo Paz, anunci\u00f3 este mi\u00e9rcoles la aprobaci\u00f3n de un paquete de financiamiento por\u00a0$us 800 millones por parte del Banco Interamericano\u00a0de Desarrollo (BID), destinado a fortalecer la protecci\u00f3n social, el sistema de salud, la educaci\u00f3n y la infraestructura vial en el pa\u00eds.<\/p>\n\n\n\n<p>El mandatario destac\u00f3 que este respaldo representa una se\u00f1al de confianza de\u00a0organismos internacionales en el desarrollo de Bolivia.\u00a0\u201cEste apoyo demuestra que instituciones de primer nivel creen y apuestan decididamente por el futuro de nuestro pa\u00eds\u201d, afirm\u00f3, tras sostener un encuentro con el vicepresidente ejecutivo del BID, Jordan Schwartz.<\/p>\n\n\n\n<p>Seg\u00fan explic\u00f3 Paz, los recursos estar\u00e1n orientados a sectores clave como la atenci\u00f3n a adultos mayores, mujeres y ni\u00f1os, adem\u00e1s de proyectos de\u00a0construcci\u00f3n y reconstrucci\u00f3n de carreteras, especialmente tras los da\u00f1os provocados por las recientes lluvias. Tambi\u00e9n se prev\u00e9 la inversi\u00f3n en hospitales, unidades educativas y otras obras de impacto social.<\/p>\n\n\n\n<p>Por su parte, Schwartz confirm\u00f3 que el financiamiento ya fue aprobado por el directorio del BID y remarc\u00f3 que se trata de un primer paso dentro de un proceso m\u00e1s amplio de cooperaci\u00f3n. \u201cEstamos ac\u00e1 con\u00a0un paquete reci\u00e9n aprobado de 800 millones de d\u00f3lares\u00a0en protecci\u00f3n social y salud, pero es solamente el primer paso; tenemos mucho m\u00e1s que hacer\u201d, sostuvo.<\/p>\n\n\n\n<p>El Gobierno prev\u00e9 que estos\u00a0recursos permitan dinamizar la econom\u00eda, mejorar los servicios b\u00e1sicos y fortalecer la infraestructura nacional en un contexto marcado por desaf\u00edos clim\u00e1ticos y demandas sociales crecientes.<\/p>\n","protected":false},"excerpt":{"rendered":"<p>El presidente de Bolivia, Rodrigo Paz, anunci\u00f3 este mi\u00e9rcoles la aprobaci\u00f3n de un paquete de<\/p>\n","protected":false},"author":1,"featured_media":0,"comment_status":"closed","ping_status":"closed","sticky":false,"template":"","format":"standard","meta":{"footnotes":""},"categories":[22],"tags":[],"class_list":["post-12287","post","type-post","status-publish","format-standard","hentry","category-bolivia"],"_links":{"self":[{"href":"https:\/\/tarijainforma.com\/index.php\/wp-json\/wp\/v2\/posts\/12287","targetHints":{"allow":["GET"]}}],"collection":[{"href":"https:\/\/tarijainforma.com\/index.php\/wp-json\/wp\/v2\/posts"}],"about":[{"href":"https:\/\/tarijainforma.com\/index.php\/wp-json\/wp\/v2\/types\/post"}],"author":[{"embeddable":true,"href":"https:\/\/tarijainforma.com\/index.php\/wp-json\/wp\/v2\/users\/1"}],"replies":[{"embeddable":true,"href":"https:\/\/tarijainforma.com\/index.php\/wp-json\/wp\/v2\/comments?post=12287"}],"version-history":[{"count":1,"href":"https:\/\/tarijainforma.com\/index.php\/wp-json\/wp\/v2\/posts\/12287\/revisions"}],"predecessor-version":[{"id":12289,"href":"https:\/\/tarijainforma.com\/index.php\/wp-json\/wp\/v2\/posts\/12287\/revisions\/12289"}],"wp:attachment":[{"href":"https:\/\/tarijainforma.com\/index.php\/wp-json\/wp\/v2\/media?parent=12287"}],"wp:term":[{"taxonomy":"category","embeddable":true,"href":"https:\/\/tarijainforma.com\/index.php\/wp-json\/wp\/v2\/categories?post=12287"},{"taxonomy":"post_tag","embeddable":true,"href":"https:\/\/tarijainforma.com\/index.php\/wp-json\/wp\/v2\/tags?post=12287"}],"curies":[{"name":"wp","href":"https:\/\/api.w.org\/{rel}","templated":true}]}}