{"id":12283,"date":"2026-04-29T23:33:44","date_gmt":"2026-04-30T03:33:44","guid":{"rendered":"https:\/\/tarijainforma.com\/?p=12283"},"modified":"2026-04-29T23:33:45","modified_gmt":"2026-04-30T03:33:45","slug":"gremiales-no-abandonaran-las-aceras-y-rechazan-la-aplicacion-de-ley-municipal","status":"publish","type":"post","link":"https:\/\/tarijainforma.com\/index.php\/2026\/04\/29\/gremiales-no-abandonaran-las-aceras-y-rechazan-la-aplicacion-de-ley-municipal\/","title":{"rendered":"Gremiales no abandonaran las aceras y rechazan la aplicaci\u00f3n de ley Municipal"},"content":{"rendered":"\n<figure class=\"wp-block-image size-large is-resized\"><img loading=\"lazy\" decoding=\"async\" width=\"539\" height=\"294\" src=\"https:\/\/tarijainforma.com\/wp-content\/uploads\/2026\/04\/TARIJA-1-edited.png\" alt=\"\" class=\"wp-image-12285\" style=\"width:840px;height:auto\" srcset=\"https:\/\/tarijainforma.com\/wp-content\/uploads\/2026\/04\/TARIJA-1-edited.png 539w, https:\/\/tarijainforma.com\/wp-content\/uploads\/2026\/04\/TARIJA-1-edited-300x164.png 300w\" sizes=\"auto, (max-width: 539px) 100vw, 539px\" \/><\/figure>\n\n\n\n<p>El ejecutivo de los gremiales de la ciudad de Tarija, Nicol\u00e1s Llanque, inform\u00f3 que su sector ratific\u00f3 su\u00a0rechazo a abandonar las aceras, medida contemplada en una Ley Municipal.<\/p>\n\n\n\n<p>Llanque se\u00f1al\u00f3 que esta disposici\u00f3n\u00a0afecta directamente a sus fuentes laborales, ya que muchos comerciantes dependen del uso de estos espacios para desarrollar sus actividades.<\/p>\n\n\n\n<p>Asimismo, cuestion\u00f3 que la normativa, seg\u00fan su criterio, estar\u00eda beneficiando \u00fanicamente a\u00a0restaurantes grandes del centro de la ciudad, generando una situaci\u00f3n desigual.<\/p>\n\n\n\n<p>El dirigente indic\u00f3 que los gremiales mantendr\u00e1n su postura en defensa de sus derechos laborales, solicitando que se revisen los alcances de la ley.<\/p>\n\n\n\n<p>En ese sentido, pidi\u00f3 a las autoridades municipales\u00a0establecer mecanismos equitativos\u00a0que no perjudiquen a los peque\u00f1os comerciantes.<\/p>\n\n\n\n<p>Finalmente, reiter\u00f3 que el sector continuar\u00e1 en estado de alerta ante cualquier medida que afecte su actividad econ\u00f3mica.<\/p>\n","protected":false},"excerpt":{"rendered":"<p>El ejecutivo de los gremiales de la ciudad de Tarija, Nicol\u00e1s Llanque, inform\u00f3 que su<\/p>\n","protected":false},"author":1,"featured_media":0,"comment_status":"closed","ping_status":"closed","sticky":false,"template":"","format":"standard","meta":{"footnotes":""},"categories":[23],"tags":[],"class_list":["post-12283","post","type-post","status-publish","format-standard","hentry","category-tarija"],"_links":{"self":[{"href":"https:\/\/tarijainforma.com\/index.php\/wp-json\/wp\/v2\/posts\/12283","targetHints":{"allow":["GET"]}}],"collection":[{"href":"https:\/\/tarijainforma.com\/index.php\/wp-json\/wp\/v2\/posts"}],"about":[{"href":"https:\/\/tarijainforma.com\/index.php\/wp-json\/wp\/v2\/types\/post"}],"author":[{"embeddable":true,"href":"https:\/\/tarijainforma.com\/index.php\/wp-json\/wp\/v2\/users\/1"}],"replies":[{"embeddable":true,"href":"https:\/\/tarijainforma.com\/index.php\/wp-json\/wp\/v2\/comments?post=12283"}],"version-history":[{"count":1,"href":"https:\/\/tarijainforma.com\/index.php\/wp-json\/wp\/v2\/posts\/12283\/revisions"}],"predecessor-version":[{"id":12286,"href":"https:\/\/tarijainforma.com\/index.php\/wp-json\/wp\/v2\/posts\/12283\/revisions\/12286"}],"wp:attachment":[{"href":"https:\/\/tarijainforma.com\/index.php\/wp-json\/wp\/v2\/media?parent=12283"}],"wp:term":[{"taxonomy":"category","embeddable":true,"href":"https:\/\/tarijainforma.com\/index.php\/wp-json\/wp\/v2\/categories?post=12283"},{"taxonomy":"post_tag","embeddable":true,"href":"https:\/\/tarijainforma.com\/index.php\/wp-json\/wp\/v2\/tags?post=12283"}],"curies":[{"name":"wp","href":"https:\/\/api.w.org\/{rel}","templated":true}]}}