{"id":12277,"date":"2026-04-28T23:35:27","date_gmt":"2026-04-29T03:35:27","guid":{"rendered":"https:\/\/tarijainforma.com\/?p=12277"},"modified":"2026-04-28T23:35:27","modified_gmt":"2026-04-29T03:35:27","slug":"la-paz-el-gobierno-no-respondera-al-pliego-de-la-cob-antes-de-1o-de-mayo-plantea-mesas-tecnicas","status":"publish","type":"post","link":"https:\/\/tarijainforma.com\/index.php\/2026\/04\/28\/la-paz-el-gobierno-no-respondera-al-pliego-de-la-cob-antes-de-1o-de-mayo-plantea-mesas-tecnicas\/","title":{"rendered":"La Paz: El gobierno no responder\u00e1 al pliego de la COB antes de 1\u00ba de mayo, plantea mesas t\u00e9cnicas"},"content":{"rendered":"\n<figure class=\"wp-block-image size-full is-resized\"><img loading=\"lazy\" decoding=\"async\" width=\"770\" height=\"430\" src=\"https:\/\/tarijainforma.com\/wp-content\/uploads\/2026\/04\/gobierno.jpg\" alt=\"\" class=\"wp-image-12278\" style=\"width:840px;height:auto\" srcset=\"https:\/\/tarijainforma.com\/wp-content\/uploads\/2026\/04\/gobierno.jpg 770w, https:\/\/tarijainforma.com\/wp-content\/uploads\/2026\/04\/gobierno-300x168.jpg 300w, https:\/\/tarijainforma.com\/wp-content\/uploads\/2026\/04\/gobierno-768x429.jpg 768w\" sizes=\"auto, (max-width: 770px) 100vw, 770px\" \/><\/figure>\n\n\n\n<p>El Gobierno no dar\u00e1 respuesta al pliego petitorio presentado por la Central Obrera Boliviana (COB) ni a la demanda de incremento salarial antes del 1 de mayo y plantea instalar mesas t\u00e9cnicas a partir del 4 de mayo, con la participaci\u00f3n de distintos sectores de la econom\u00eda, anunci\u00f3 este martes el ministro de Econom\u00eda, Jos\u00e9 Gabriel Espinoza.<\/p>\n\n\n\n<p>\u201cLo que nosotros hemos planteado a la COB es una agenda de trabajo. No vamos a responder a un pliego petitorio, vamos a plantear una agenda de trabajo. Y esa agenda de trabajo tiene que tener un objetivo muy claro, que es mejorar las condiciones laborales para todos los bolivianos\u201d, explic\u00f3.<\/p>\n\n\n\n<p>El planteamiento oficial incluye la incorporaci\u00f3n de actores como profesionales independientes, trabajadores por cuenta propia, transportistas, el sector informal y empresarios, con el objetivo de analizar de forma amplia la situaci\u00f3n laboral del pa\u00eds.<\/p>\n\n\n\n<p>Seg\u00fan Espinoza, la intenci\u00f3n es construir propuestas que beneficien a todos los sectores y no \u00fanicamente a quienes cuentan con empleo formal.<\/p>\n\n\n\n<p>\u201cLa propuesta con la COB\u2026 es que a partir del 4 de mayo nos sentemos en mesas t\u00e9cnicas, vivienda, salud, educaci\u00f3n, infraestructura y tambi\u00e9n una mesa econ\u00f3mica que sea permanente. Y ah\u00ed discutimos con ellos\u201d, precis\u00f3.<\/p>\n\n\n\n<p>En ese sentido, cuestion\u00f3 de d\u00f3nde podr\u00edan obtenerse los recursos para cubrir un aumento del 20%, planteando escenarios como recortes en \u00e1reas clave o incrementos impositivos. \u201cSi quieren incremento salarial, la pregunta para ellos es, \u00bfa qui\u00e9n le quito? \u00bfLe quito a salud y educaci\u00f3n? \u00bfSubo impuestos?\u201d, expres\u00f3.<\/p>\n\n\n\n<p>Finalmente, Espinoza alert\u00f3 que un ajuste salarial podr\u00eda afectar negativamente a trabajadores que no cuentan con seguridad social ni beneficios laborales, quienes \u2013seg\u00fan dijo\u2013&nbsp;quedar\u00edan a\u00fan m\u00e1s vulnerables. \u201cA ellos les complicamos m\u00e1s todav\u00eda la vida, los precarizamos m\u00e1s todav\u00eda\u201d, concluy\u00f3.<\/p>\n","protected":false},"excerpt":{"rendered":"<p>El Gobierno no dar\u00e1 respuesta al pliego petitorio presentado por la Central Obrera Boliviana (COB)<\/p>\n","protected":false},"author":1,"featured_media":0,"comment_status":"closed","ping_status":"closed","sticky":false,"template":"","format":"standard","meta":{"footnotes":""},"categories":[22],"tags":[],"class_list":["post-12277","post","type-post","status-publish","format-standard","hentry","category-bolivia"],"_links":{"self":[{"href":"https:\/\/tarijainforma.com\/index.php\/wp-json\/wp\/v2\/posts\/12277","targetHints":{"allow":["GET"]}}],"collection":[{"href":"https:\/\/tarijainforma.com\/index.php\/wp-json\/wp\/v2\/posts"}],"about":[{"href":"https:\/\/tarijainforma.com\/index.php\/wp-json\/wp\/v2\/types\/post"}],"author":[{"embeddable":true,"href":"https:\/\/tarijainforma.com\/index.php\/wp-json\/wp\/v2\/users\/1"}],"replies":[{"embeddable":true,"href":"https:\/\/tarijainforma.com\/index.php\/wp-json\/wp\/v2\/comments?post=12277"}],"version-history":[{"count":1,"href":"https:\/\/tarijainforma.com\/index.php\/wp-json\/wp\/v2\/posts\/12277\/revisions"}],"predecessor-version":[{"id":12279,"href":"https:\/\/tarijainforma.com\/index.php\/wp-json\/wp\/v2\/posts\/12277\/revisions\/12279"}],"wp:attachment":[{"href":"https:\/\/tarijainforma.com\/index.php\/wp-json\/wp\/v2\/media?parent=12277"}],"wp:term":[{"taxonomy":"category","embeddable":true,"href":"https:\/\/tarijainforma.com\/index.php\/wp-json\/wp\/v2\/categories?post=12277"},{"taxonomy":"post_tag","embeddable":true,"href":"https:\/\/tarijainforma.com\/index.php\/wp-json\/wp\/v2\/tags?post=12277"}],"curies":[{"name":"wp","href":"https:\/\/api.w.org\/{rel}","templated":true}]}}