{"id":12274,"date":"2026-04-28T23:21:25","date_gmt":"2026-04-29T03:21:25","guid":{"rendered":"https:\/\/tarijainforma.com\/?p=12274"},"modified":"2026-04-28T23:21:26","modified_gmt":"2026-04-29T03:21:26","slug":"en-un-acto-el-ted-entrego-credenciales-a-262-autoridades-electas-en-tarija","status":"publish","type":"post","link":"https:\/\/tarijainforma.com\/index.php\/2026\/04\/28\/en-un-acto-el-ted-entrego-credenciales-a-262-autoridades-electas-en-tarija\/","title":{"rendered":"En un acto el TED, entrego credenciales a 262 autoridades electas en Tarija"},"content":{"rendered":"\n<figure class=\"wp-block-image size-full\"><img loading=\"lazy\" decoding=\"async\" width=\"980\" height=\"579\" src=\"https:\/\/tarijainforma.com\/wp-content\/uploads\/2026\/04\/corte.jpg\" alt=\"\" class=\"wp-image-12275\" srcset=\"https:\/\/tarijainforma.com\/wp-content\/uploads\/2026\/04\/corte.jpg 980w, https:\/\/tarijainforma.com\/wp-content\/uploads\/2026\/04\/corte-300x177.jpg 300w, https:\/\/tarijainforma.com\/wp-content\/uploads\/2026\/04\/corte-768x454.jpg 768w\" sizes=\"auto, (max-width: 980px) 100vw, 980px\" \/><\/figure>\n\n\n\n<p>En un acto desarrollado este martes 28 de abril por el Tribunal Electoral Departamental (TED) realizo la entrega oficial de credenciales a 262 autoridades electas. Con esta proclamaci\u00f3n formal, el \u00d3rgano Electoral Plurinacional (OEP) da por concluido el calendario de las Elecciones Subnacionales 2026, habilitando a las nuevas autoridades a asumir funciones a partir del 4 de mayo.<\/p>\n\n\n\n<p>La jornada se desarroll\u00f3 en dos actos diferenciados, marcando la magnitud del proceso electoral y la diversidad de niveles de gobierno que entran en funciones.<\/p>\n\n\n\n<p>Durante la ma\u00f1ana, el TED acredit\u00f3 a las principales autoridades del nivel departamental. La gobernadora electa, Mar\u00eda Ren\u00e9 Soruco, recibi\u00f3 su credencial junto al vicegobernador Gonzalo \u00c1vila, consolidando as\u00ed el mandato popular expresado en las urnas.<\/p>\n\n\n\n<p>En el mismo acto fueron acreditados los 30 asamble\u00edstas departamentales titulares y sus respectivos suplentes, quienes tendr\u00e1n la responsabilidad de encarar la nueva agenda legislativa en una coyuntura marcada por desaf\u00edos econ\u00f3micos y demandas regionales.<\/p>\n\n\n\n<p>Asimismo, se entregaron credenciales a las autoridades del Chaco, David Rojas Corvera asumi\u00f3 como ejecutivo regional del Chaco, Juan Antonio Garc\u00eda Cardozo en Villa Montes y Yerko Henry Urrelo Ticona en Carapar\u00ed, adem\u00e1s de los 18 asamble\u00edstas regionales entre titulares y suplentes.<\/p>\n\n\n\n<p>A este grupo se sumaron tambi\u00e9n alcaldes y concejales de la regi\u00f3n chaque\u00f1a, completando as\u00ed la acreditaci\u00f3n en esta zona del departamento.<\/p>\n\n\n\n<p>En horas de la tarde, el TED continu\u00f3 con la entrega de credenciales a las autoridades municipales del resto del departamento, abarcando a los municipios de Cercado, Uriondo, San Lorenzo, Bermejo, Padcaya, Entre R\u00edos, El Puente y Yunchar\u00e1, tanto alcaldes como concejales.<\/p>\n\n\n\n<p>Entre los alcaldes confirmados figura Jhonny Torres Terzo en Cercado, quien fue reelecto para el periodo 2026-2031, junto a V\u00edctor Hugo Morales en Bermejo, Juan Carlos Castillo en Yacuiba, Omar M\u00e9ndez en San Lorenzo, Sara Armella en El Puente, Pascual D\u00edaz en Yunchar\u00e1, Gilmar Miranda en Padcaya, Jos\u00e9 Gira en Uriondo, Horacio Bass Werner en Villa Montes, Mario Batallanos en Carapar\u00ed y Joel Quisberth en Entre R\u00edos.<\/p>\n\n\n\n<p>La entrega de credenciales marca el cierre formal del proceso electoral subnacional en Tarija e ingresa a la recta final de la etapa de transici\u00f3n y posesi\u00f3n de autoridades, prevista para los primeros d\u00edas de mayo.<\/p>\n","protected":false},"excerpt":{"rendered":"<p>En un acto desarrollado este martes 28 de abril por el Tribunal Electoral Departamental (TED)<\/p>\n","protected":false},"author":1,"featured_media":0,"comment_status":"closed","ping_status":"closed","sticky":false,"template":"","format":"standard","meta":{"footnotes":""},"categories":[23],"tags":[],"class_list":["post-12274","post","type-post","status-publish","format-standard","hentry","category-tarija"],"_links":{"self":[{"href":"https:\/\/tarijainforma.com\/index.php\/wp-json\/wp\/v2\/posts\/12274","targetHints":{"allow":["GET"]}}],"collection":[{"href":"https:\/\/tarijainforma.com\/index.php\/wp-json\/wp\/v2\/posts"}],"about":[{"href":"https:\/\/tarijainforma.com\/index.php\/wp-json\/wp\/v2\/types\/post"}],"author":[{"embeddable":true,"href":"https:\/\/tarijainforma.com\/index.php\/wp-json\/wp\/v2\/users\/1"}],"replies":[{"embeddable":true,"href":"https:\/\/tarijainforma.com\/index.php\/wp-json\/wp\/v2\/comments?post=12274"}],"version-history":[{"count":1,"href":"https:\/\/tarijainforma.com\/index.php\/wp-json\/wp\/v2\/posts\/12274\/revisions"}],"predecessor-version":[{"id":12276,"href":"https:\/\/tarijainforma.com\/index.php\/wp-json\/wp\/v2\/posts\/12274\/revisions\/12276"}],"wp:attachment":[{"href":"https:\/\/tarijainforma.com\/index.php\/wp-json\/wp\/v2\/media?parent=12274"}],"wp:term":[{"taxonomy":"category","embeddable":true,"href":"https:\/\/tarijainforma.com\/index.php\/wp-json\/wp\/v2\/categories?post=12274"},{"taxonomy":"post_tag","embeddable":true,"href":"https:\/\/tarijainforma.com\/index.php\/wp-json\/wp\/v2\/tags?post=12274"}],"curies":[{"name":"wp","href":"https:\/\/api.w.org\/{rel}","templated":true}]}}