{"id":12271,"date":"2026-04-27T19:24:02","date_gmt":"2026-04-27T23:24:02","guid":{"rendered":"https:\/\/tarijainforma.com\/?p=12271"},"modified":"2026-04-27T19:24:03","modified_gmt":"2026-04-27T23:24:03","slug":"ee-uu-sospechoso-del-tiroteo-en-un-evento-de-trump-es-acusado-de-intento-de-asesinato-del-presidente-de-ee-uu","status":"publish","type":"post","link":"https:\/\/tarijainforma.com\/index.php\/2026\/04\/27\/ee-uu-sospechoso-del-tiroteo-en-un-evento-de-trump-es-acusado-de-intento-de-asesinato-del-presidente-de-ee-uu\/","title":{"rendered":"EE.UU.: Sospechoso del tiroteo en un evento de Trump es acusado de intento de asesinato del presidente de EE.UU."},"content":{"rendered":"\n<figure class=\"wp-block-image size-large\"><img loading=\"lazy\" decoding=\"async\" width=\"1024\" height=\"576\" src=\"https:\/\/tarijainforma.com\/wp-content\/uploads\/2026\/04\/sospechoso-1024x576.png\" alt=\"\" class=\"wp-image-12272\" srcset=\"https:\/\/tarijainforma.com\/wp-content\/uploads\/2026\/04\/sospechoso-1024x576.png 1024w, https:\/\/tarijainforma.com\/wp-content\/uploads\/2026\/04\/sospechoso-300x169.png 300w, https:\/\/tarijainforma.com\/wp-content\/uploads\/2026\/04\/sospechoso-768x432.png 768w, https:\/\/tarijainforma.com\/wp-content\/uploads\/2026\/04\/sospechoso-800x450.png 800w, https:\/\/tarijainforma.com\/wp-content\/uploads\/2026\/04\/sospechoso.png 1200w\" sizes=\"auto, (max-width: 1024px) 100vw, 1024px\" \/><\/figure>\n\n\n\n<p>Cole Tomas Allen, el hombre de 31 a\u00f1os sospechoso de abrir fuego el s\u00e1bado durante la cena de corresponsales de la Casa Blanca en un hotel de Washington en la que estaba presente Donald Trump, ha sido acusado de intentar asesinar al presidente de Estados Unidos.<\/p>\n\n\n\n<p>Durante una audiencia en un tribunal federal este lunes, tambi\u00e9n se le han imputado otros dos cargos: usar un arma de fuego durante un delito con violencia y portar un arma de fuego con la intenci\u00f3n de cometer un delito.<\/p>\n\n\n\n<p>De ser hallado culpable, podr\u00eda enfrentar hasta la cadena perpetua.<\/p>\n\n\n\n<p>Vestido con un uniforme azul, Allen se mostr\u00f3 calmado durante la cita ante el juez, contestando a todas las preguntas con un \u00abs\u00ed, su se\u00f1or\u00eda\u00bb, \u00abno, su se\u00f1or\u00eda\u00bb, informa la periodista de la BBC Shaimaa Khalil, presente en la sala.<\/p>\n\n\n\n<p>Flanqueado por cuatro alguaciles y ante la mirada de la fiscal general del Distrito de Columbia, Jeanine Pirro, el acusado solicit\u00f3 representaci\u00f3n legal, y le fueron asignados dos abogados.<\/p>\n\n\n\n<p>Allen fue detenido poco despu\u00e9s de que se escucharan los disparos y de que Trump, as\u00ed como su esposa, la primera dama Melania Trump, el vicepresidente JD Vance y otros funcionarios fueran evacuados del evento.<\/p>\n\n\n\n<p>Tras ser trasladado al hospital para una evaluaci\u00f3n, qued\u00f3 bajo custodia policial.<\/p>\n\n\n\n<p>El sospechoso era hu\u00e9sped del hotel Washington Hilton, donde se celebraba la cena de corresponsales, seg\u00fan las autoridades, y estaba \u00abarmado con una escopeta, una pistola y varios cuchillos\u00bb.<\/p>\n\n\n\n<p>En su primera entrevista tras el suceso, ofrecida a la cadena conservadora Fox News, Trump asegur\u00f3 que Allen actu\u00f3 movido por un \u00abodio profundo\u00bb hacia los cristianos.<\/p>\n\n\n\n<p>Agreg\u00f3 que lo dec\u00eda bas\u00e1ndose en un \u00abmanifiesto\u00bb que las autoridades habr\u00edan hallado en una computadora del sospechoso.<\/p>\n","protected":false},"excerpt":{"rendered":"<p>Cole Tomas Allen, el hombre de 31 a\u00f1os sospechoso de abrir fuego el s\u00e1bado durante<\/p>\n","protected":false},"author":1,"featured_media":0,"comment_status":"closed","ping_status":"closed","sticky":false,"template":"","format":"standard","meta":{"footnotes":""},"categories":[24],"tags":[],"class_list":["post-12271","post","type-post","status-publish","format-standard","hentry","category-mundo"],"_links":{"self":[{"href":"https:\/\/tarijainforma.com\/index.php\/wp-json\/wp\/v2\/posts\/12271","targetHints":{"allow":["GET"]}}],"collection":[{"href":"https:\/\/tarijainforma.com\/index.php\/wp-json\/wp\/v2\/posts"}],"about":[{"href":"https:\/\/tarijainforma.com\/index.php\/wp-json\/wp\/v2\/types\/post"}],"author":[{"embeddable":true,"href":"https:\/\/tarijainforma.com\/index.php\/wp-json\/wp\/v2\/users\/1"}],"replies":[{"embeddable":true,"href":"https:\/\/tarijainforma.com\/index.php\/wp-json\/wp\/v2\/comments?post=12271"}],"version-history":[{"count":1,"href":"https:\/\/tarijainforma.com\/index.php\/wp-json\/wp\/v2\/posts\/12271\/revisions"}],"predecessor-version":[{"id":12273,"href":"https:\/\/tarijainforma.com\/index.php\/wp-json\/wp\/v2\/posts\/12271\/revisions\/12273"}],"wp:attachment":[{"href":"https:\/\/tarijainforma.com\/index.php\/wp-json\/wp\/v2\/media?parent=12271"}],"wp:term":[{"taxonomy":"category","embeddable":true,"href":"https:\/\/tarijainforma.com\/index.php\/wp-json\/wp\/v2\/categories?post=12271"},{"taxonomy":"post_tag","embeddable":true,"href":"https:\/\/tarijainforma.com\/index.php\/wp-json\/wp\/v2\/tags?post=12271"}],"curies":[{"name":"wp","href":"https:\/\/api.w.org\/{rel}","templated":true}]}}