{"id":12265,"date":"2026-04-27T18:43:34","date_gmt":"2026-04-27T22:43:34","guid":{"rendered":"https:\/\/tarijainforma.com\/?p=12265"},"modified":"2026-04-27T18:43:34","modified_gmt":"2026-04-27T22:43:34","slug":"policia-detiene-a-empleador-por-violar-y-amenazar-a-un-menor-en-tarija","status":"publish","type":"post","link":"https:\/\/tarijainforma.com\/index.php\/2026\/04\/27\/policia-detiene-a-empleador-por-violar-y-amenazar-a-un-menor-en-tarija\/","title":{"rendered":"Polic\u00eda detiene a empleador por violar y amenazar a un menor en Tarija"},"content":{"rendered":"\n<figure class=\"wp-block-image size-full\"><img loading=\"lazy\" decoding=\"async\" width=\"900\" height=\"450\" src=\"https:\/\/tarijainforma.com\/wp-content\/uploads\/2026\/04\/violazion.png\" alt=\"\" class=\"wp-image-12266\" srcset=\"https:\/\/tarijainforma.com\/wp-content\/uploads\/2026\/04\/violazion.png 900w, https:\/\/tarijainforma.com\/wp-content\/uploads\/2026\/04\/violazion-300x150.png 300w, https:\/\/tarijainforma.com\/wp-content\/uploads\/2026\/04\/violazion-768x384.png 768w\" sizes=\"auto, (max-width: 900px) 100vw, 900px\" \/><\/figure>\n\n\n\n<p>La directora de la FELCV en Tarija, Marcela Vargas, inform\u00f3 sobre la\u00a0aprehensi\u00f3n de un empleador\u00a0acusado de\u00a0agredir sexualmente y amenazar de muerte\u00a0a un adolescente de 17 a\u00f1os.<\/p>\n\n\n\n<p>De acuerdo con el reporte, el sujeto habr\u00eda mantenido una relaci\u00f3n de abuso durante un periodo prolongado, adem\u00e1s de ejercer\u00a0amenazas constantes\u00a0para evitar que el hecho sea denunciado.<\/p>\n\n\n\n<p>La autoridad indic\u00f3 que el acusado tambi\u00e9n\u00a0reten\u00eda el pago de salarios\u00a0del menor como un mecanismo de presi\u00f3n.<\/p>\n\n\n\n<p>Ante esta situaci\u00f3n, el adolescente decidi\u00f3\u00a0contar lo ocurrido a su madre, quien posteriormente formaliz\u00f3 la denuncia ante las autoridades competentes.<\/p>\n\n\n\n<p>Tras conocerse el caso, la Polic\u00eda activ\u00f3 los procedimientos correspondientes, logrando la\u00a0aprehensi\u00f3n del presunto responsable, quien se encuentra a disposici\u00f3n de la justicia.<\/p>\n\n\n\n<p>El caso se encuentra en etapa de investigaci\u00f3n, mientras se realizan las diligencias para esclarecer los hechos.<\/p>\n","protected":false},"excerpt":{"rendered":"<p>La directora de la FELCV en Tarija, Marcela Vargas, inform\u00f3 sobre la\u00a0aprehensi\u00f3n de un empleador\u00a0acusado<\/p>\n","protected":false},"author":1,"featured_media":0,"comment_status":"closed","ping_status":"closed","sticky":false,"template":"","format":"standard","meta":{"footnotes":""},"categories":[23],"tags":[],"class_list":["post-12265","post","type-post","status-publish","format-standard","hentry","category-tarija"],"_links":{"self":[{"href":"https:\/\/tarijainforma.com\/index.php\/wp-json\/wp\/v2\/posts\/12265","targetHints":{"allow":["GET"]}}],"collection":[{"href":"https:\/\/tarijainforma.com\/index.php\/wp-json\/wp\/v2\/posts"}],"about":[{"href":"https:\/\/tarijainforma.com\/index.php\/wp-json\/wp\/v2\/types\/post"}],"author":[{"embeddable":true,"href":"https:\/\/tarijainforma.com\/index.php\/wp-json\/wp\/v2\/users\/1"}],"replies":[{"embeddable":true,"href":"https:\/\/tarijainforma.com\/index.php\/wp-json\/wp\/v2\/comments?post=12265"}],"version-history":[{"count":1,"href":"https:\/\/tarijainforma.com\/index.php\/wp-json\/wp\/v2\/posts\/12265\/revisions"}],"predecessor-version":[{"id":12267,"href":"https:\/\/tarijainforma.com\/index.php\/wp-json\/wp\/v2\/posts\/12265\/revisions\/12267"}],"wp:attachment":[{"href":"https:\/\/tarijainforma.com\/index.php\/wp-json\/wp\/v2\/media?parent=12265"}],"wp:term":[{"taxonomy":"category","embeddable":true,"href":"https:\/\/tarijainforma.com\/index.php\/wp-json\/wp\/v2\/categories?post=12265"},{"taxonomy":"post_tag","embeddable":true,"href":"https:\/\/tarijainforma.com\/index.php\/wp-json\/wp\/v2\/tags?post=12265"}],"curies":[{"name":"wp","href":"https:\/\/api.w.org\/{rel}","templated":true}]}}