{"id":12262,"date":"2026-04-26T23:08:08","date_gmt":"2026-04-27T03:08:08","guid":{"rendered":"https:\/\/tarijainforma.com\/?p=12262"},"modified":"2026-04-26T23:08:09","modified_gmt":"2026-04-27T03:08:09","slug":"colombia-suben-a-20-los-muertos-por-atentado-guerrillero-en-colombia","status":"publish","type":"post","link":"https:\/\/tarijainforma.com\/index.php\/2026\/04\/26\/colombia-suben-a-20-los-muertos-por-atentado-guerrillero-en-colombia\/","title":{"rendered":"Colombia: Suben a 20 los muertos por atentado guerrillero en Colombia"},"content":{"rendered":"\n<figure class=\"wp-block-image size-large\"><img loading=\"lazy\" decoding=\"async\" width=\"1024\" height=\"683\" src=\"https:\/\/tarijainforma.com\/wp-content\/uploads\/2026\/04\/colombia-2-1024x683.png\" alt=\"\" class=\"wp-image-12263\" srcset=\"https:\/\/tarijainforma.com\/wp-content\/uploads\/2026\/04\/colombia-2-1024x683.png 1024w, https:\/\/tarijainforma.com\/wp-content\/uploads\/2026\/04\/colombia-2-300x200.png 300w, https:\/\/tarijainforma.com\/wp-content\/uploads\/2026\/04\/colombia-2-768x512.png 768w, https:\/\/tarijainforma.com\/wp-content\/uploads\/2026\/04\/colombia-2.png 1200w\" sizes=\"auto, (max-width: 1024px) 100vw, 1024px\" \/><\/figure>\n\n\n\n<p>Un atentado ocurrido el s\u00e1bado dej\u00f3 20 muertos y 36 heridos en una carretera del suroeste de Colombia, cuando faltaba poco m\u00e1s de un mes para las elecciones presidenciales.<\/p>\n\n\n\n<p>Las autoridades atribuyeron el ataque a los rebeldes de la extinta guerrilla de las FARC, que no se acogieron al acuerdo de paz de 2016.<\/p>\n\n\n\n<p>Un testigo del atentado asegur\u00f3 a la AFP estar \u00abasustado\u00bb por el brote de violencia que vive Colombia de cara a los c\u00f3micos presidenciales del 31 de mayo.<\/p>\n\n\n\n<p>El ataque ocurri\u00f3 en el departamento del Cauca, uno de los m\u00e1s azotados por la guerrilla ofensiva previa a las elecciones y con una extensa superficie sembrada de narcocultivos.<\/p>\n\n\n\n<p>El gobernador del Cauca, Octavio Guzm\u00e1n, report\u00f3 \u00ab20 civiles fallecidos\u00bb y \u00ab36 personas heridas\u00bb en un mensaje publicado en X.<\/p>\n\n\n\n<p>Anteriormente hab\u00eda cifrado en 14 el n\u00famero fallecidos y 38 heridos a causa de la enorme explosi\u00f3n ocurrida el s\u00e1bado en una carretera del departamento.<\/p>\n\n\n\n<p>Seg\u00fan el Ej\u00e9rcito, la explosi\u00f3n en medio de un ret\u00e9n que hab\u00edan instalado los disidentes.<\/p>\n\n\n\n<p>La bomba impact\u00f3 a m\u00e1s de una decena de veh\u00edculos y los desplaz\u00f3 varios metros, seg\u00fan testigos del atentado.<\/p>\n\n\n\n<p>La AFP capt\u00f3 im\u00e1genes de cuerpos cubiertos, veh\u00edculos destrozados y un enorme cr\u00e1ter en la v\u00eda.<\/p>\n\n\n\n<p>Los videos que circulan en redes sociales muestran restos de las v\u00edctimas esparcidas por el suelo.<\/p>\n\n\n\n<p>El presidente izquierdista Gustavo Petro tild\u00f3 a los rebeldes de \u00abterroristas\u00bb y orden\u00f3 a la fuerza p\u00fablica redoblar su persecuci\u00f3n.<\/p>\n","protected":false},"excerpt":{"rendered":"<p>Un atentado ocurrido el s\u00e1bado dej\u00f3 20 muertos y 36 heridos en una carretera del<\/p>\n","protected":false},"author":1,"featured_media":0,"comment_status":"closed","ping_status":"closed","sticky":false,"template":"","format":"standard","meta":{"footnotes":""},"categories":[24],"tags":[],"class_list":["post-12262","post","type-post","status-publish","format-standard","hentry","category-mundo"],"_links":{"self":[{"href":"https:\/\/tarijainforma.com\/index.php\/wp-json\/wp\/v2\/posts\/12262","targetHints":{"allow":["GET"]}}],"collection":[{"href":"https:\/\/tarijainforma.com\/index.php\/wp-json\/wp\/v2\/posts"}],"about":[{"href":"https:\/\/tarijainforma.com\/index.php\/wp-json\/wp\/v2\/types\/post"}],"author":[{"embeddable":true,"href":"https:\/\/tarijainforma.com\/index.php\/wp-json\/wp\/v2\/users\/1"}],"replies":[{"embeddable":true,"href":"https:\/\/tarijainforma.com\/index.php\/wp-json\/wp\/v2\/comments?post=12262"}],"version-history":[{"count":1,"href":"https:\/\/tarijainforma.com\/index.php\/wp-json\/wp\/v2\/posts\/12262\/revisions"}],"predecessor-version":[{"id":12264,"href":"https:\/\/tarijainforma.com\/index.php\/wp-json\/wp\/v2\/posts\/12262\/revisions\/12264"}],"wp:attachment":[{"href":"https:\/\/tarijainforma.com\/index.php\/wp-json\/wp\/v2\/media?parent=12262"}],"wp:term":[{"taxonomy":"category","embeddable":true,"href":"https:\/\/tarijainforma.com\/index.php\/wp-json\/wp\/v2\/categories?post=12262"},{"taxonomy":"post_tag","embeddable":true,"href":"https:\/\/tarijainforma.com\/index.php\/wp-json\/wp\/v2\/tags?post=12262"}],"curies":[{"name":"wp","href":"https:\/\/api.w.org\/{rel}","templated":true}]}}