{"id":12256,"date":"2026-04-26T22:32:05","date_gmt":"2026-04-27T02:32:05","guid":{"rendered":"https:\/\/tarijainforma.com\/?p=12256"},"modified":"2026-04-26T22:32:05","modified_gmt":"2026-04-27T02:32:05","slug":"vuelco-de-camion-interrumpe-transito-en-la-ruta-tarija-bermejo","status":"publish","type":"post","link":"https:\/\/tarijainforma.com\/index.php\/2026\/04\/26\/vuelco-de-camion-interrumpe-transito-en-la-ruta-tarija-bermejo\/","title":{"rendered":"Vuelco de cami\u00f3n interrumpe tr\u00e1nsito en la ruta Tarija\u2013Bermejo"},"content":{"rendered":"\n<figure class=\"wp-block-image size-large\"><img loading=\"lazy\" decoding=\"async\" width=\"1024\" height=\"653\" src=\"https:\/\/tarijainforma.com\/wp-content\/uploads\/2026\/04\/accidente-1024x653.jpg\" alt=\"\" class=\"wp-image-12257\" srcset=\"https:\/\/tarijainforma.com\/wp-content\/uploads\/2026\/04\/accidente-1024x653.jpg 1024w, https:\/\/tarijainforma.com\/wp-content\/uploads\/2026\/04\/accidente-300x191.jpg 300w, https:\/\/tarijainforma.com\/wp-content\/uploads\/2026\/04\/accidente-768x490.jpg 768w, https:\/\/tarijainforma.com\/wp-content\/uploads\/2026\/04\/accidente.jpg 1063w\" sizes=\"auto, (max-width: 1024px) 100vw, 1024px\" \/><\/figure>\n\n\n\n<p>Al mediod\u00eda de este domingo, un cami\u00f3n protagoniz\u00f3 un accidente de tr\u00e1nsito en la cuesta de Guayabillas, en el municipio de Padcaya, lo que provoc\u00f3 la interrupci\u00f3n moment\u00e1nea del paso vehicular en la carretera que conecta Tarija con Bermejo.<\/p>\n\n\n\n<p>De acuerdo con reportes preliminares, el conductor habr\u00eda perdido el control del motorizado en este tramo caracterizado por sus curvas pronunciadas, lo que deriv\u00f3 en el vuelco del veh\u00edculo a un costado de la v\u00eda.<\/p>\n\n\n\n<p>El incidente gener\u00f3 congestionamiento en la zona, obligando a otros conductores a detener su marcha mientras se realizaban las labores para retirar el cami\u00f3n y restablecer la circulaci\u00f3n.<\/p>\n\n\n\n<p>Hasta el momento no se ha informado oficialmente sobre personas heridas ni sobre las causas exactas del accidente.<\/p>\n","protected":false},"excerpt":{"rendered":"<p>Al mediod\u00eda de este domingo, un cami\u00f3n protagoniz\u00f3 un accidente de tr\u00e1nsito en la cuesta<\/p>\n","protected":false},"author":1,"featured_media":0,"comment_status":"closed","ping_status":"closed","sticky":false,"template":"","format":"standard","meta":{"footnotes":""},"categories":[23],"tags":[],"class_list":["post-12256","post","type-post","status-publish","format-standard","hentry","category-tarija"],"_links":{"self":[{"href":"https:\/\/tarijainforma.com\/index.php\/wp-json\/wp\/v2\/posts\/12256","targetHints":{"allow":["GET"]}}],"collection":[{"href":"https:\/\/tarijainforma.com\/index.php\/wp-json\/wp\/v2\/posts"}],"about":[{"href":"https:\/\/tarijainforma.com\/index.php\/wp-json\/wp\/v2\/types\/post"}],"author":[{"embeddable":true,"href":"https:\/\/tarijainforma.com\/index.php\/wp-json\/wp\/v2\/users\/1"}],"replies":[{"embeddable":true,"href":"https:\/\/tarijainforma.com\/index.php\/wp-json\/wp\/v2\/comments?post=12256"}],"version-history":[{"count":1,"href":"https:\/\/tarijainforma.com\/index.php\/wp-json\/wp\/v2\/posts\/12256\/revisions"}],"predecessor-version":[{"id":12258,"href":"https:\/\/tarijainforma.com\/index.php\/wp-json\/wp\/v2\/posts\/12256\/revisions\/12258"}],"wp:attachment":[{"href":"https:\/\/tarijainforma.com\/index.php\/wp-json\/wp\/v2\/media?parent=12256"}],"wp:term":[{"taxonomy":"category","embeddable":true,"href":"https:\/\/tarijainforma.com\/index.php\/wp-json\/wp\/v2\/categories?post=12256"},{"taxonomy":"post_tag","embeddable":true,"href":"https:\/\/tarijainforma.com\/index.php\/wp-json\/wp\/v2\/tags?post=12256"}],"curies":[{"name":"wp","href":"https:\/\/api.w.org\/{rel}","templated":true}]}}